{"id":153,"date":"2005-07-18T15:09:08","date_gmt":"2005-07-18T13:09:08","guid":{"rendered":"http:\/\/fv.wasserwacht-bergen.de\/?p=153"},"modified":"2017-02-05T11:45:04","modified_gmt":"2017-02-05T10:45:04","slug":"einen-atemluftkompressor-zum-40sten-der-og","status":"publish","type":"post","link":"https:\/\/wasserwacht-bergen.de\/fv\/2005\/07\/18\/einen-atemluftkompressor-zum-40sten-der-og\/","title":{"rendered":"2005 &#8211; einen Atemluftkompressor zum 40sten der OG!"},"content":{"rendered":"<p>Zum 40-j\u00e4hrigen Bestehen der Ortsgruppe Bergen am 16.07.2005 konnte der F\u00f6rderverein einen Atemluftkompressor zum Bef\u00fcllen der Tauchflaschen an die Ortsgruppe Bergen \u00fcbergeben. Zweckgebundene Spenden hierzu lagen bereits vor, mussten allerdings zur\u00fcckgestellt werden, da die tats\u00e4chlichen Anschaffungskosten mit allem Zubeh\u00f6r die urspr\u00fcnglich geplanten Ausgaben um ca. 3.500 EUR \u00fcberstiegen haben.<\/p>\n","protected":false},"excerpt":{"rendered":"<p>Zum 40-j\u00e4hrigen Bestehen der Ortsgruppe Bergen am 16.07.2005 konnte der F\u00f6rderverein einen Atemluftkompressor zum Bef\u00fcllen der Tauchflaschen an die Ortsgruppe Bergen \u00fcbergeben. Zweckgebundene Spenden hierzu lagen bereits vor, mussten allerdings zur\u00fcckgestellt werden, da die tats\u00e4chlichen Anschaffungskosten mit allem Zubeh\u00f6r die urspr\u00fcnglich geplanten Ausgaben um ca. 3.500 EUR \u00fcberstiegen haben.<\/p>\n","protected":false},"author":1,"featured_media":0,"comment_status":"closed","ping_status":"closed","sticky":false,"template":"","format":"standard","meta":{"footnotes":""},"categories":[6],"tags":[24,25,18,26],"_links":{"self":[{"href":"https:\/\/wasserwacht-bergen.de\/fv\/wp-json\/wp\/v2\/posts\/153"}],"collection":[{"href":"https:\/\/wasserwacht-bergen.de\/fv\/wp-json\/wp\/v2\/posts"}],"about":[{"href":"https:\/\/wasserwacht-bergen.de\/fv\/wp-json\/wp\/v2\/types\/post"}],"author":[{"embeddable":true,"href":"https:\/\/wasserwacht-bergen.de\/fv\/wp-json\/wp\/v2\/users\/1"}],"replies":[{"embeddable":true,"href":"https:\/\/wasserwacht-bergen.de\/fv\/wp-json\/wp\/v2\/comments?post=153"}],"version-history":[{"count":2,"href":"https:\/\/wasserwacht-bergen.de\/fv\/wp-json\/wp\/v2\/posts\/153\/revisions"}],"predecessor-version":[{"id":157,"href":"https:\/\/wasserwacht-bergen.de\/fv\/wp-json\/wp\/v2\/posts\/153\/revisions\/157"}],"wp:attachment":[{"href":"https:\/\/wasserwacht-bergen.de\/fv\/wp-json\/wp\/v2\/media?parent=153"}],"wp:term":[{"taxonomy":"category","embeddable":true,"href":"https:\/\/wasserwacht-bergen.de\/fv\/wp-json\/wp\/v2\/categories?post=153"},{"taxonomy":"post_tag","embeddable":true,"href":"https:\/\/wasserwacht-bergen.de\/fv\/wp-json\/wp\/v2\/tags?post=153"}],"curies":[{"name":"wp","href":"https:\/\/api.w.org\/{rel}","templated":true}]}}