{"id":244,"date":"2019-01-05T12:02:05","date_gmt":"2019-01-05T11:02:05","guid":{"rendered":"http:\/\/fv.wasserwacht-bergen.de\/?p=244"},"modified":"2020-02-19T20:26:57","modified_gmt":"2020-02-19T19:26:57","slug":"spendenkampagne-2018-2019","status":"publish","type":"post","link":"https:\/\/wasserwacht-bergen.de\/fv\/2019\/01\/05\/spendenkampagne-2018-2019\/","title":{"rendered":"Spendenkampagne 2018\/2019"},"content":{"rendered":"\n<p>&#8230; der aktuelle Stand unserer im Dezember 2018 gestarteten Spendenaktion zur Unterst\u00fctzung und Erhalt der Einsatzbereitschaft der SEG (Schnelleinsatzgruppe) der Wasserwacht Bergen:<\/p>\n\n\n\n<p><\/p>\n\n\n\n<ul><li>01.03.2019 &#8211; es wurden von regionalen Firmen ein Gesamtbetrag von 2300\u20ac gespendet<\/li><\/ul>\n\n\n\n<p><strong>Vielen Dank !!!&nbsp;<\/strong><\/p>\n\n\n\n<div class=\"wp-block-image\"><figure class=\"aligncenter\"><img loading=\"lazy\" decoding=\"async\" width=\"1024\" height=\"653\" src=\"http:\/\/fv.wasserwacht-bergen.de\/wp-content\/uploads\/2019\/01\/Zwischenablage-1-1024x653.jpg\" alt=\"Scheck\u00fcbergabe Maier Packaging GmbH\" class=\"wp-image-245\"\/><figcaption>Scheck\u00fcbergabe Maier Packaging GmbH (v.r. Gesch\u00e4ftsf\u00fchrer Alban Hutter, Michael Junghans F\u00f6V, Thomas Steinbei\u00dfer WW)  <\/figcaption><\/figure><\/div>\n\n\n\n<div class=\"wp-block-image\"><figure class=\"aligncenter\"><img loading=\"lazy\" decoding=\"async\" width=\"354\" height=\"138\" src=\"http:\/\/fv.wasserwacht-bergen.de\/wp-content\/uploads\/2017\/12\/mep.png\" alt=\"\" class=\"wp-image-191\" srcset=\"https:\/\/wasserwacht-bergen.de\/fv\/wp-content\/uploads\/2017\/12\/mep.png 354w, https:\/\/wasserwacht-bergen.de\/fv\/wp-content\/uploads\/2017\/12\/mep-300x117.png 300w\" sizes=\"(max-width: 354px) 100vw, 354px\" \/><figcaption>M\u00e4rchen- und Erlebnispark Marquartstein<\/figcaption><\/figure><\/div>\n\n\n\n<div class=\"wp-block-image\"><figure class=\"aligncenter\"><img loading=\"lazy\" decoding=\"async\" width=\"304\" height=\"144\" src=\"http:\/\/fv.wasserwacht-bergen.de\/wp-content\/uploads\/2017\/01\/adelholzener.png\" alt=\"Adelholzener Alpenquellen\" class=\"wp-image-81\" srcset=\"https:\/\/wasserwacht-bergen.de\/fv\/wp-content\/uploads\/2017\/01\/adelholzener.png 304w, https:\/\/wasserwacht-bergen.de\/fv\/wp-content\/uploads\/2017\/01\/adelholzener-300x142.png 300w\" sizes=\"(max-width: 304px) 100vw, 304px\" \/><figcaption>Adelholzener Alpenquellen<\/figcaption><\/figure><\/div>\n\n\n\n<div class=\"wp-block-image\"><figure class=\"aligncenter\"><img loading=\"lazy\" decoding=\"async\" width=\"126\" height=\"133\" src=\"http:\/\/fv.wasserwacht-bergen.de\/wp-content\/uploads\/2017\/01\/devoss.png\" alt=\"Devoss GmbH\" class=\"wp-image-82\"\/><figcaption>Devoss GmbH<\/figcaption><\/figure><\/div>\n\n\n\n<div class=\"wp-block-image\"><figure class=\"aligncenter\"><img loading=\"lazy\" decoding=\"async\" width=\"576\" height=\"124\" src=\"http:\/\/fv.wasserwacht-bergen.de\/wp-content\/uploads\/2017\/12\/Brueckner.png\" alt=\"\" class=\"wp-image-203\" srcset=\"https:\/\/wasserwacht-bergen.de\/fv\/wp-content\/uploads\/2017\/12\/Brueckner.png 576w, https:\/\/wasserwacht-bergen.de\/fv\/wp-content\/uploads\/2017\/12\/Brueckner-300x65.png 300w\" sizes=\"(max-width: 576px) 100vw, 576px\" \/><figcaption>Br\u00fcckner Group Siegsdorf<\/figcaption><\/figure><\/div>\n\n\n\n<div class=\"wp-block-image\"><figure class=\"aligncenter\"><img loading=\"lazy\" decoding=\"async\" width=\"1024\" height=\"206\" src=\"http:\/\/fv.wasserwacht-bergen.de\/wp-content\/uploads\/2019\/01\/hagebau-1024x206.jpg\" alt=\"hagebau Jo. Schneider\" class=\"wp-image-258\" srcset=\"https:\/\/wasserwacht-bergen.de\/fv\/wp-content\/uploads\/2019\/01\/hagebau-1024x206.jpg 1024w, https:\/\/wasserwacht-bergen.de\/fv\/wp-content\/uploads\/2019\/01\/hagebau-300x60.jpg 300w, https:\/\/wasserwacht-bergen.de\/fv\/wp-content\/uploads\/2019\/01\/hagebau-768x154.jpg 768w, https:\/\/wasserwacht-bergen.de\/fv\/wp-content\/uploads\/2019\/01\/hagebau.jpg 1076w\" sizes=\"(max-width: 767px) 89vw, (max-width: 1000px) 54vw, (max-width: 1071px) 543px, 580px\" \/><figcaption>hagebau Jo. Schneider<\/figcaption><\/figure><\/div>\n\n\n\n<div class=\"wp-block-image\"><figure class=\"aligncenter\"><img loading=\"lazy\" decoding=\"async\" width=\"423\" height=\"60\" src=\"http:\/\/fv.wasserwacht-bergen.de\/wp-content\/uploads\/2019\/01\/feichtlbauer.jpg\" alt=\"Feichtlbauer Feinmechanik GmbH &amp; Co. KG\" class=\"wp-image-257\" srcset=\"https:\/\/wasserwacht-bergen.de\/fv\/wp-content\/uploads\/2019\/01\/feichtlbauer.jpg 423w, https:\/\/wasserwacht-bergen.de\/fv\/wp-content\/uploads\/2019\/01\/feichtlbauer-300x43.jpg 300w\" sizes=\"(max-width: 423px) 100vw, 423px\" \/><figcaption>Feichtlbauer Feinmechanik GmbH &amp; Co. KG<\/figcaption><\/figure><\/div>\n\n\n\n<div class=\"wp-block-image\"><figure class=\"aligncenter\"><img loading=\"lazy\" decoding=\"async\" width=\"500\" height=\"125\" src=\"http:\/\/fv.wasserwacht-bergen.de\/wp-content\/uploads\/2019\/01\/vr-bank.png\" alt=\"\" class=\"wp-image-266\" srcset=\"https:\/\/wasserwacht-bergen.de\/fv\/wp-content\/uploads\/2019\/01\/vr-bank.png 500w, https:\/\/wasserwacht-bergen.de\/fv\/wp-content\/uploads\/2019\/01\/vr-bank-300x75.png 300w\" sizes=\"(max-width: 500px) 100vw, 500px\" \/><figcaption>VR-Bank Oberbayern S\u00fcdost eG<\/figcaption><\/figure><\/div>\n","protected":false},"excerpt":{"rendered":"<p>&#8230; der aktuelle Stand unserer im Dezember 2018 gestarteten Spendenaktion zur Unterst\u00fctzung und Erhalt der Einsatzbereitschaft der SEG (Schnelleinsatzgruppe) der Wasserwacht Bergen: 01.03.2019 &#8211; es wurden von regionalen Firmen ein Gesamtbetrag von 2300\u20ac gespendet Vielen Dank !!!&nbsp;<\/p>\n","protected":false},"author":1,"featured_media":0,"comment_status":"closed","ping_status":"closed","sticky":false,"template":"","format":"standard","meta":{"footnotes":""},"categories":[1],"tags":[45,33,65,49,12,46,35,22,8,9],"_links":{"self":[{"href":"https:\/\/wasserwacht-bergen.de\/fv\/wp-json\/wp\/v2\/posts\/244"}],"collection":[{"href":"https:\/\/wasserwacht-bergen.de\/fv\/wp-json\/wp\/v2\/posts"}],"about":[{"href":"https:\/\/wasserwacht-bergen.de\/fv\/wp-json\/wp\/v2\/types\/post"}],"author":[{"embeddable":true,"href":"https:\/\/wasserwacht-bergen.de\/fv\/wp-json\/wp\/v2\/users\/1"}],"replies":[{"embeddable":true,"href":"https:\/\/wasserwacht-bergen.de\/fv\/wp-json\/wp\/v2\/comments?post=244"}],"version-history":[{"count":8,"href":"https:\/\/wasserwacht-bergen.de\/fv\/wp-json\/wp\/v2\/posts\/244\/revisions"}],"predecessor-version":[{"id":311,"href":"https:\/\/wasserwacht-bergen.de\/fv\/wp-json\/wp\/v2\/posts\/244\/revisions\/311"}],"wp:attachment":[{"href":"https:\/\/wasserwacht-bergen.de\/fv\/wp-json\/wp\/v2\/media?parent=244"}],"wp:term":[{"taxonomy":"category","embeddable":true,"href":"https:\/\/wasserwacht-bergen.de\/fv\/wp-json\/wp\/v2\/categories?post=244"},{"taxonomy":"post_tag","embeddable":true,"href":"https:\/\/wasserwacht-bergen.de\/fv\/wp-json\/wp\/v2\/tags?post=244"}],"curies":[{"name":"wp","href":"https:\/\/api.w.org\/{rel}","templated":true}]}}