{"id":385,"date":"2021-07-24T22:32:15","date_gmt":"2021-07-24T20:32:15","guid":{"rendered":"https:\/\/wasserwacht-bergen.de\/fv\/?p=385"},"modified":"2021-11-03T07:52:17","modified_gmt":"2021-11-03T06:52:17","slug":"geschafft-spendenaktion-seg-garagenneubau","status":"publish","type":"post","link":"https:\/\/wasserwacht-bergen.de\/fv\/2021\/07\/24\/geschafft-spendenaktion-seg-garagenneubau\/","title":{"rendered":"geschafft!! &#8211; Spendenaktion SEG Garagenneubau"},"content":{"rendered":"\n<p>Das Spendenziel von 35.000\u20ac konnte erfolgreich erreicht werden. Wir danken all den gro\u00dfz\u00fcgigen Spendern &#8211; <a href=\"https:\/\/wasserwacht-bergen.de\/fv\/danke-an-alle-spender-fuer-den-seg-garagenbau\/\">hier kommt Ihr zu unserer Ehrentafel<\/a>!<\/p>\n\n\n\n<figure class=\"wp-block-image size-large\"><img loading=\"lazy\" decoding=\"async\" width=\"1024\" height=\"426\" src=\"https:\/\/wasserwacht-bergen.de\/fv\/wp-content\/uploads\/2021\/01\/SEG-WW-001-1024x426.png\" alt=\"\" class=\"wp-image-346\" srcset=\"https:\/\/wasserwacht-bergen.de\/fv\/wp-content\/uploads\/2021\/01\/SEG-WW-001-1024x426.png 1024w, https:\/\/wasserwacht-bergen.de\/fv\/wp-content\/uploads\/2021\/01\/SEG-WW-001-300x125.png 300w, https:\/\/wasserwacht-bergen.de\/fv\/wp-content\/uploads\/2021\/01\/SEG-WW-001-768x320.png 768w, https:\/\/wasserwacht-bergen.de\/fv\/wp-content\/uploads\/2021\/01\/SEG-WW-001-1536x640.png 1536w, https:\/\/wasserwacht-bergen.de\/fv\/wp-content\/uploads\/2021\/01\/SEG-WW-001.png 1566w\" sizes=\"(max-width: 767px) 89vw, (max-width: 1000px) 54vw, (max-width: 1071px) 543px, 580px\" \/><\/figure>\n\n\n\n<p>Die SEG-Bergen (SchnellEinsatzGruppe) ist eine mobile Einsatzkomponente im Wasserrettungsdienst des BRK-Kreisverbands Traunstein.<\/p>\n\n\n\n<p>Einsatzbereitschaft:<br>24 | 7 | 365 =&gt; Stunden | Tage | Jahr<\/p>\n\n\n\n<p>Besondere Bedeutung der mobilen SEG:<\/p>\n\n\n\n<ul><li>schnelle Herstellung der Einsatzbereitschaft zu jeder Zeit<\/li><li>Mobilit\u00e4t<\/li><li>Vielseitigkeit ihres Leistungspotentials<\/li><\/ul>\n\n\n\n<p>zu den Aufgaben z\u00e4hlen:<\/p>\n\n\n\n<ul><li>Hochwassereins\u00e4tze<\/li><li>Rettung von Personen aus besonderen Gefahrensituationen in und an Gew\u00e4ssern<\/li><li>Vermisstensuchen<\/li><li>Absicherung anderer Hilfsorganisationen (an und auf Gew\u00e4ssern)<\/li><li>Hilfe in Notf\u00e4llen, zu deren Bew\u00e4ltigung Personal, Sonderfahrzeuge und Sonderger\u00e4te der Wasserrettung eingesetzt werden<\/li><li>Einsatz bei Gro\u00dfschadensereignissen und Mitwirkung im Katastrophenschutz<\/li><li>Bergung von G\u00fctern, die eine Gef\u00e4hrdung darstellen<\/li><\/ul>\n\n\n\n<p>unser Einsatzgebiet:<\/p>\n\n\n\n<ul><li>prim\u00e4r der komplette s\u00fcdliche Landkreis Traunstein (stehendes &amp; flie\u00dfendes Gew\u00e4sser)<\/li><li>bei Gro\u00dfschadensereignissen und Katastrophen \u00fcberregional<\/li><\/ul>\n\n\n\n<p>Einsatzlagen seit 2017:<br><img loading=\"lazy\" decoding=\"async\" width=\"1345\" height=\"769\" class=\"wp-image-351\" style=\"width: 650px;\" alt=\"\" src=\"https:\/\/wasserwacht-bergen.de\/fv\/wp-content\/uploads\/2021\/01\/Einsatzlagen.png\" srcset=\"https:\/\/wasserwacht-bergen.de\/fv\/wp-content\/uploads\/2021\/01\/Einsatzlagen.png 1345w, https:\/\/wasserwacht-bergen.de\/fv\/wp-content\/uploads\/2021\/01\/Einsatzlagen-300x172.png 300w, https:\/\/wasserwacht-bergen.de\/fv\/wp-content\/uploads\/2021\/01\/Einsatzlagen-1024x585.png 1024w, https:\/\/wasserwacht-bergen.de\/fv\/wp-content\/uploads\/2021\/01\/Einsatzlagen-768x439.png 768w\" sizes=\"(max-width: 767px) 89vw, (max-width: 1000px) 54vw, (max-width: 1071px) 543px, 580px\" \/><\/p>\n\n\n\n<p>Um die notwendigen Anforderungen festzulegen, wurde im Dezember 2019 ein Ausschuss, bestehend aus der Vereinsvorstandschaft und den F\u00fchrungskr\u00e4ften gegr\u00fcndet. Aus den Sitzungen kam heraus, dass folgende Bereiche ben\u00f6tigt werden:<\/p>\n\n\n\n<ul><li>Fahrzeughalle f\u00fcr Einsatzfahrzeug inkl. Bootstrailer<\/li><li>Wasch-\/Trockenraum f\u00fcr die Ausr\u00fcstung in direkter N\u00e4he des Fahrzeuges (M\u00f6glichkeit der Reinigung und Desinfektion der Ausr\u00fcstung, Trocknungsm\u00f6glichkeiten<\/li><li>Bereich f\u00fcr Einsatzbekleidung\/Umkleide<\/li><li>Lagerfl\u00e4che<\/li><li>Sanit\u00e4ranlagen<\/li><li>Parkpl\u00e4tze<\/li><\/ul>\n\n\n\n<p>Zusammen mit der Gemeinde Bergen wurde ein passender Standort f\u00fcr die neue SEG-Unterkunft gefunden. Die neue Unterkunft soll am Freibad Bergen ihren Platz finden. Durch Umbauma\u00dfnahmen am bestehenden Geb\u00e4ude soll die Bootsgarage und der Trockenraum integriert werden. F\u00fcr das Einsatzfahrzeug ist ein Anbau vor dem Schwimmbad-Geb\u00e4ude geplant.<\/p>\n\n\n\n<p><strong>Finanzierungsplan<\/strong><br>Die Gemeinde Bergen beabsichtigt mit der finanziellen Unterst\u00fctzung der Wasserwacht Bergen den geplanten Bau im Jahr 2021 zu errichten. Um diese wichtige Bauma\u00dfnahme umsetzten zu k\u00f6nnen, muss sich die Wasserwacht Bergen mit einem Eigenanteil von ca. 35.000 \u20ac beteiligen. Die ehrenamtlichen Mitglieder, welche sich in Ihrer Freizeit unentgeltlich f\u00fcr das Wohl aller Mitmenschen zu jeder Tageszeit einsetzten, sind deshalb gemeinsam mit dem F\u00f6rderverein Wasserwacht Bergen auf Spenden angewiesen. Aus diesem Grund wenden wir uns heute vertrauensvoll an Sie und bitten um Ihre finanzielle Unterst\u00fctzung zu diesem sehr wichtigen und zukunftsweisenden Bau der neuen SEG-Unterkunft.<br><br>Mit unserem Leitsatz \u201eMit Sicherheit am Wasser\u201c bedanken wir uns schon heute<br>ganz herzlich f\u00fcr Ihre Unterst\u00fctzung!<\/p>\n\n\n\n<p>Eure Wasserwacht Bergen<br><\/p>\n\n\n\n<p>Presseberichte:<\/p>\n\n\n\n<p><a href=\"https:\/\/www.vrbank-obb-so.de\/wir-fuer-sie\/aktuelles-regionales\/aktuelles-aus-der-bank-2021\/17-06-2021---wasserwacht-bergen.html\">https:\/\/www.vrbank-obb-so.de\/wir-fuer-sie\/aktuelles-regionales\/aktuelles-aus-der-bank-2021\/17-06-2021&#8212;wasserwacht-bergen.html<\/a><\/p>\n","protected":false},"excerpt":{"rendered":"<p>Das Spendenziel von 35.000\u20ac konnte erfolgreich erreicht werden. Wir danken all den gro\u00dfz\u00fcgigen Spendern &#8211; hier kommt Ihr zu unserer Ehrentafel! Die SEG-Bergen (SchnellEinsatzGruppe) ist eine mobile Einsatzkomponente im Wasserrettungsdienst des BRK-Kreisverbands Traunstein. Einsatzbereitschaft:24 | 7 | 365 =&gt; Stunden | Tage | Jahr Besondere Bedeutung der mobilen SEG: schnelle Herstellung der Einsatzbereitschaft zu jeder &hellip; <\/p>\n<p class=\"link-more\"><a href=\"https:\/\/wasserwacht-bergen.de\/fv\/2021\/07\/24\/geschafft-spendenaktion-seg-garagenneubau\/\" class=\"more-link\"><span class=\"screen-reader-text\">\u201egeschafft!! &#8211; Spendenaktion SEG Garagenneubau\u201c <\/span>weiterlesen<\/a><\/p>\n","protected":false},"author":1,"featured_media":0,"comment_status":"closed","ping_status":"closed","sticky":false,"template":"","format":"standard","meta":{"footnotes":""},"categories":[1],"tags":[71,43,72,70,41,69],"_links":{"self":[{"href":"https:\/\/wasserwacht-bergen.de\/fv\/wp-json\/wp\/v2\/posts\/385"}],"collection":[{"href":"https:\/\/wasserwacht-bergen.de\/fv\/wp-json\/wp\/v2\/posts"}],"about":[{"href":"https:\/\/wasserwacht-bergen.de\/fv\/wp-json\/wp\/v2\/types\/post"}],"author":[{"embeddable":true,"href":"https:\/\/wasserwacht-bergen.de\/fv\/wp-json\/wp\/v2\/users\/1"}],"replies":[{"embeddable":true,"href":"https:\/\/wasserwacht-bergen.de\/fv\/wp-json\/wp\/v2\/comments?post=385"}],"version-history":[{"count":4,"href":"https:\/\/wasserwacht-bergen.de\/fv\/wp-json\/wp\/v2\/posts\/385\/revisions"}],"predecessor-version":[{"id":393,"href":"https:\/\/wasserwacht-bergen.de\/fv\/wp-json\/wp\/v2\/posts\/385\/revisions\/393"}],"wp:attachment":[{"href":"https:\/\/wasserwacht-bergen.de\/fv\/wp-json\/wp\/v2\/media?parent=385"}],"wp:term":[{"taxonomy":"category","embeddable":true,"href":"https:\/\/wasserwacht-bergen.de\/fv\/wp-json\/wp\/v2\/categories?post=385"},{"taxonomy":"post_tag","embeddable":true,"href":"https:\/\/wasserwacht-bergen.de\/fv\/wp-json\/wp\/v2\/tags?post=385"}],"curies":[{"name":"wp","href":"https:\/\/api.w.org\/{rel}","templated":true}]}}